{"id":884,"date":"2024-07-13T23:15:24","date_gmt":"2024-07-13T23:15:24","guid":{"rendered":"https:\/\/independientestereo.com.ar\/home\/?p=884"},"modified":"2024-07-13T23:17:05","modified_gmt":"2024-07-13T23:17:05","slug":"zapala-de-fiesta-por-su-111-aniversario","status":"publish","type":"post","link":"https:\/\/independientestereo.com.ar\/home\/zapala-de-fiesta-por-su-111-aniversario\/","title":{"rendered":"Zapala de Fiesta por su 111\u00b0 Aniversario."},"content":{"rendered":"\n<figure class=\"wp-block-image aligncenter size-large\"><img fetchpriority=\"high\" decoding=\"async\" width=\"1024\" height=\"771\" src=\"https:\/\/independientestereo.com.ar\/home\/wp-content\/uploads\/2024\/07\/WhatsApp-Image-2024-07-13-at-20.02.34-1024x771.jpeg\" alt=\"\" class=\"wp-image-885\" srcset=\"https:\/\/independientestereo.com.ar\/home\/wp-content\/uploads\/2024\/07\/WhatsApp-Image-2024-07-13-at-20.02.34-1024x771.jpeg 1024w, https:\/\/independientestereo.com.ar\/home\/wp-content\/uploads\/2024\/07\/WhatsApp-Image-2024-07-13-at-20.02.34-300x226.jpeg 300w, https:\/\/independientestereo.com.ar\/home\/wp-content\/uploads\/2024\/07\/WhatsApp-Image-2024-07-13-at-20.02.34-768x578.jpeg 768w, https:\/\/independientestereo.com.ar\/home\/wp-content\/uploads\/2024\/07\/WhatsApp-Image-2024-07-13-at-20.02.34-1536x1156.jpeg 1536w, https:\/\/independientestereo.com.ar\/home\/wp-content\/uploads\/2024\/07\/WhatsApp-Image-2024-07-13-at-20.02.34.jpeg 1600w\" sizes=\"(max-width: 1024px) 100vw, 1024px\" \/><\/figure>\n\n\n\n<p>Este pasado 12 de Julio 2024, celebramos junto a la Ciudad de Zapala su aniversario n\u00famero 111\u00b0. Con un majestuoso desfile C\u00edvico &#8211; Militar, \u00a0se dio inicio a un d\u00eda de conmemoraci\u00f3n, entre comparsas, bombos y platillos los habitantes de Zapala y vecinos de\u00a0 diferentes lugares llegaron para celebrar \u00a0un aniversario muy especial.<\/p>\n\n\n\n<p>Zapala es una ciudad tur\u00edstica, comercial, minera, administrativa y de servicios,1\u200b ubicada en el centro de la provincia del Neuqu\u00e9n, Argentina. Fue fundada el 12 de julio de 1913, se convirti\u00f3 en municipio en el a\u00f1o 1948 y en 1967 fue designada municipio de primera categor\u00eda.<\/p>\n\n\n\n<p>Este viernes, asistieron autoridades provinciales, y locales quienes acompa\u00f1aron a los vecinos de&nbsp; la ciudad y pusieron de manifiesto su apoyo a la ciudad. Asisti\u00f3 al acto de apertura desfile el se\u00f1or gobernador &nbsp;Rolando Figueroa, el Intendente de la ciudad Carlos Koopmann, acompa\u00f1aron tambi\u00e9n Diego Victoria Intendente de Alumin\u00e9, &nbsp;Oscar C\u00e9sar Mansegosa Intendente de la municipalidad de Caviahue-Copahue, Arturo De Gregorio Intendente de Villa Pehuenia.<\/p>\n\n\n\n<figure class=\"wp-block-image aligncenter size-large\"><img decoding=\"async\" width=\"1024\" height=\"771\" src=\"https:\/\/independientestereo.com.ar\/home\/wp-content\/uploads\/2024\/07\/WhatsApp-Image-2024-07-13-at-19.49.39-1024x771.jpeg\" alt=\"\" class=\"wp-image-886\" srcset=\"https:\/\/independientestereo.com.ar\/home\/wp-content\/uploads\/2024\/07\/WhatsApp-Image-2024-07-13-at-19.49.39-1024x771.jpeg 1024w, https:\/\/independientestereo.com.ar\/home\/wp-content\/uploads\/2024\/07\/WhatsApp-Image-2024-07-13-at-19.49.39-300x226.jpeg 300w, https:\/\/independientestereo.com.ar\/home\/wp-content\/uploads\/2024\/07\/WhatsApp-Image-2024-07-13-at-19.49.39-768x578.jpeg 768w, https:\/\/independientestereo.com.ar\/home\/wp-content\/uploads\/2024\/07\/WhatsApp-Image-2024-07-13-at-19.49.39.jpeg 1199w\" sizes=\"(max-width: 1024px) 100vw, 1024px\" \/><\/figure>\n\n\n\n<p>Autoridades c\u00edvico y militares se reunieron para exaltar lo maravilloso de la tradici\u00f3n y cultura Argentina, reuniendo actores de la vida civil, instituciones educativas, Grupos de Folklor, Polic\u00eda Provincial, Secretaria de Deportes, Secretaria de Cultura,&nbsp; Secretaria de Educaci\u00f3n y empleo, escuelas de&nbsp; deportes, Centros de Murga y compartas, bandas, colectividades, Sistema Integrado de Emergencia , Grupos de Veteranos Malvinenses, Grupos de Danzas Folkloricas, Participantes del Rally neuquino, Grupos Gauchos, Montados,&nbsp; muchos m\u00e1s.<\/p>\n\n\n\n<figure class=\"wp-block-image aligncenter size-large\"><img decoding=\"async\" width=\"1024\" height=\"740\" src=\"https:\/\/independientestereo.com.ar\/home\/wp-content\/uploads\/2024\/07\/WhatsApp-Image-2024-07-13-at-19.49.38-1-1024x740.jpeg\" alt=\"\" class=\"wp-image-887\" srcset=\"https:\/\/independientestereo.com.ar\/home\/wp-content\/uploads\/2024\/07\/WhatsApp-Image-2024-07-13-at-19.49.38-1-1024x740.jpeg 1024w, https:\/\/independientestereo.com.ar\/home\/wp-content\/uploads\/2024\/07\/WhatsApp-Image-2024-07-13-at-19.49.38-1-300x217.jpeg 300w, https:\/\/independientestereo.com.ar\/home\/wp-content\/uploads\/2024\/07\/WhatsApp-Image-2024-07-13-at-19.49.38-1-768x555.jpeg 768w, https:\/\/independientestereo.com.ar\/home\/wp-content\/uploads\/2024\/07\/WhatsApp-Image-2024-07-13-at-19.49.38-1.jpeg 1195w\" sizes=\"(max-width: 1024px) 100vw, 1024px\" \/><\/figure>\n\n\n\n<p>Del mismo modo Zapala celebr\u00f3 con su aniversario este viernes con el compromiso de alcanzar 70 cuadras m\u00e1s de asfalto, como parte del programa estrat\u00e9gico que puso en marcha el gobernador Rolando Figueroa para llevar mejoras a cada localidad de la provincia. El gobernador remarc\u00f3 que el trabajo conjunto con cada uno de los estados municipales permite \u201cdefender Neuqu\u00e9n\u201d y mejorar la calidad de vida de los neuquinos.<\/p>\n\n\n\n<figure class=\"wp-block-image aligncenter size-large\"><img loading=\"lazy\" decoding=\"async\" width=\"771\" height=\"1024\" src=\"https:\/\/independientestereo.com.ar\/home\/wp-content\/uploads\/2024\/07\/WhatsApp-Image-2024-07-13-at-19.49.36-1-771x1024.jpeg\" alt=\"\" class=\"wp-image-888\" srcset=\"https:\/\/independientestereo.com.ar\/home\/wp-content\/uploads\/2024\/07\/WhatsApp-Image-2024-07-13-at-19.49.36-1-771x1024.jpeg 771w, https:\/\/independientestereo.com.ar\/home\/wp-content\/uploads\/2024\/07\/WhatsApp-Image-2024-07-13-at-19.49.36-1-226x300.jpeg 226w, https:\/\/independientestereo.com.ar\/home\/wp-content\/uploads\/2024\/07\/WhatsApp-Image-2024-07-13-at-19.49.36-1-768x1021.jpeg 768w, https:\/\/independientestereo.com.ar\/home\/wp-content\/uploads\/2024\/07\/WhatsApp-Image-2024-07-13-at-19.49.36-1-1156x1536.jpeg 1156w, https:\/\/independientestereo.com.ar\/home\/wp-content\/uploads\/2024\/07\/WhatsApp-Image-2024-07-13-at-19.49.36-1.jpeg 1204w\" sizes=\"(max-width: 771px) 100vw, 771px\" \/><\/figure>\n\n\n\n<p>Durante el discurso&nbsp; de apertura el intendente Carlos Koopman resalt\u00f3 la importancia de proyectos como la Zona Franca, enfocada en \u201cla industria y la log\u00edstica\u201d, y de la posibilidad de reactivar el corredor bioce\u00e1nico. Tambi\u00e9n enfatiz\u00f3 la importancia del aeropuerto de la localidad y los beneficios que trae la llegada de vuelos ch\u00e1rter y el reciente balizamiento. As\u00ed mismo &nbsp;el intendente Carlos Koopmann destac\u00f3 la finalizaci\u00f3n de 280 cuadras pavimentadas, a las que se sumar\u00e1n 70 cuadras m\u00e1s, para incorporar en los pr\u00f3ximos cuatro a\u00f1os de gesti\u00f3n, 300 nuevas cuadras en distintos barrios de la ciudad.<\/p>\n\n\n\n<p>M\u00e1s informaci\u00f3n en: <a href=\"https:\/\/www.zapala.gob.ar\/zapala-recibio-un-nuevo-aniversario-con-grandes-noticias\/\">https:\/\/www.zapala.gob.ar\/zapala-recibio-un-nuevo-aniversario-con-grandes-noticias\/<\/a><\/p>\n\n\n\n<p><\/p>\n\n\n\n<figure class=\"wp-block-image aligncenter size-full\"><img loading=\"lazy\" decoding=\"async\" width=\"960\" height=\"723\" src=\"https:\/\/independientestereo.com.ar\/home\/wp-content\/uploads\/2024\/07\/WhatsApp-Image-2024-07-13-at-19.49.32.jpeg\" alt=\"\" class=\"wp-image-889\" srcset=\"https:\/\/independientestereo.com.ar\/home\/wp-content\/uploads\/2024\/07\/WhatsApp-Image-2024-07-13-at-19.49.32.jpeg 960w, https:\/\/independientestereo.com.ar\/home\/wp-content\/uploads\/2024\/07\/WhatsApp-Image-2024-07-13-at-19.49.32-300x226.jpeg 300w, https:\/\/independientestereo.com.ar\/home\/wp-content\/uploads\/2024\/07\/WhatsApp-Image-2024-07-13-at-19.49.32-768x578.jpeg 768w\" sizes=\"(max-width: 960px) 100vw, 960px\" \/><\/figure>\n","protected":false},"excerpt":{"rendered":"<p>Este pasado 12 de Julio 2024, celebramos junto a la Ciudad de Zapala su aniversario n\u00famero 111\u00b0. Con un majestuoso desfile C\u00edvico &#8211; Militar, \u00a0se dio inicio a un d\u00eda de conmemoraci\u00f3n, entre comparsas, bombos y platillos los habitantes de Zapala y vecinos de\u00a0 diferentes lugares llegaron para celebrar \u00a0un aniversario muy especial. Zapala es [&hellip;]<\/p>\n","protected":false},"author":2,"featured_media":889,"comment_status":"closed","ping_status":"closed","sticky":false,"template":"","format":"standard","meta":{"sb_editor_width":"","_joinchat":[],"footnotes":""},"categories":[16],"tags":[],"class_list":["post-884","post","type-post","status-publish","format-standard","has-post-thumbnail","hentry","category-independiente"],"relative_dates":{"created":"2 a\u00f1os ago","modified":"2 a\u00f1os ago"},"_links":{"self":[{"href":"https:\/\/independientestereo.com.ar\/home\/wp-json\/wp\/v2\/posts\/884","targetHints":{"allow":["GET"]}}],"collection":[{"href":"https:\/\/independientestereo.com.ar\/home\/wp-json\/wp\/v2\/posts"}],"about":[{"href":"https:\/\/independientestereo.com.ar\/home\/wp-json\/wp\/v2\/types\/post"}],"author":[{"embeddable":true,"href":"https:\/\/independientestereo.com.ar\/home\/wp-json\/wp\/v2\/users\/2"}],"replies":[{"embeddable":true,"href":"https:\/\/independientestereo.com.ar\/home\/wp-json\/wp\/v2\/comments?post=884"}],"version-history":[{"count":2,"href":"https:\/\/independientestereo.com.ar\/home\/wp-json\/wp\/v2\/posts\/884\/revisions"}],"predecessor-version":[{"id":891,"href":"https:\/\/independientestereo.com.ar\/home\/wp-json\/wp\/v2\/posts\/884\/revisions\/891"}],"wp:featuredmedia":[{"embeddable":true,"href":"https:\/\/independientestereo.com.ar\/home\/wp-json\/wp\/v2\/media\/889"}],"wp:attachment":[{"href":"https:\/\/independientestereo.com.ar\/home\/wp-json\/wp\/v2\/media?parent=884"}],"wp:term":[{"taxonomy":"category","embeddable":true,"href":"https:\/\/independientestereo.com.ar\/home\/wp-json\/wp\/v2\/categories?post=884"},{"taxonomy":"post_tag","embeddable":true,"href":"https:\/\/independientestereo.com.ar\/home\/wp-json\/wp\/v2\/tags?post=884"}],"curies":[{"name":"wp","href":"https:\/\/api.w.org\/{rel}","templated":true}]}}