{"id":873,"date":"2024-07-03T12:50:17","date_gmt":"2024-07-03T12:50:17","guid":{"rendered":"https:\/\/independientestereo.com.ar\/home\/?p=873"},"modified":"2024-07-03T13:53:15","modified_gmt":"2024-07-03T13:53:15","slug":"monumento-al-soldado-argentino-el-monumento-al-soldado-de-malvinas-mas-grande-de-argentina","status":"publish","type":"post","link":"https:\/\/independientestereo.com.ar\/home\/monumento-al-soldado-argentino-el-monumento-al-soldado-de-malvinas-mas-grande-de-argentina\/","title":{"rendered":"Monumento al Soldado Argentino,\u00a0el monumento al soldado de Malvinas m\u00e1s grande de Argentina."},"content":{"rendered":"\n<figure class=\"wp-block-gallery has-nested-images columns-default is-cropped wp-block-gallery-1 is-layout-flex wp-block-gallery-is-layout-flex\">\n<figure class=\"wp-block-image size-large\"><img fetchpriority=\"high\" decoding=\"async\" width=\"1024\" height=\"768\" data-id=\"874\" src=\"https:\/\/independientestereo.com.ar\/home\/wp-content\/uploads\/2024\/07\/WhatsApp-Image-2024-07-03-at-09.31.17-1024x768.jpeg\" alt=\"\" class=\"wp-image-874\" srcset=\"https:\/\/independientestereo.com.ar\/home\/wp-content\/uploads\/2024\/07\/WhatsApp-Image-2024-07-03-at-09.31.17-1024x768.jpeg 1024w, https:\/\/independientestereo.com.ar\/home\/wp-content\/uploads\/2024\/07\/WhatsApp-Image-2024-07-03-at-09.31.17-300x225.jpeg 300w, https:\/\/independientestereo.com.ar\/home\/wp-content\/uploads\/2024\/07\/WhatsApp-Image-2024-07-03-at-09.31.17-768x576.jpeg 768w, https:\/\/independientestereo.com.ar\/home\/wp-content\/uploads\/2024\/07\/WhatsApp-Image-2024-07-03-at-09.31.17.jpeg 1280w\" sizes=\"(max-width: 1024px) 100vw, 1024px\" \/><\/figure>\n<\/figure>\n\n\n\n<blockquote class=\"wp-block-quote is-layout-flow wp-block-quote-is-layout-flow\">\n<p>Inaugurado el  9 de junio 2024, con la presencia de integrantes de la Asociaci\u00f3n de Veteranos de Guerra de Malvinas. La escultura pesa 20 toneladas y tiene 17 metros de altura.<br><br><p class=\"MsoNormal\"><\/p><\/p>\n<\/blockquote>\n\n\n\n<p>La obra en cuesti\u00f3n tiene una altura de 17 metros, pedestal incluido. Refleja a un soldado argentino, con una rodilla al pie que sostiene sobre su mano derecha una bandera argentina. Tiene un peso, con su base, de 160 toneladas; solo la cabeza con el casco se llevan unas 20 toneladas del total. La escultura est\u00e1 incrustada en un suelo de basalto, un mineral muy resistente.<\/p>\n\n\n\n<p>El soldado es un verdadero gigante que sorprende al visitante que entra a Zapala por la ruta 14 y acceso Fortabat, a unos diez minutos del centro de \u201cla ciudad del viento\u201d, como as\u00ed se la conoce a esta localidad de Neuqu\u00e9n. Con orgullo los promotores de esta iniciativa insisten en remarcar que es el monumento al soldado de Malvinas m\u00e1s grande de Argentina.<\/p>\n\n\n\n<p><\/p>\n\n\n\n<figure class=\"wp-block-image aligncenter size-large\"><img decoding=\"async\" width=\"768\" height=\"1024\" src=\"https:\/\/independientestereo.com.ar\/home\/wp-content\/uploads\/2024\/07\/WhatsApp-Image-2024-07-03-at-08.32.58-768x1024.jpeg\" alt=\"\" class=\"wp-image-875\" srcset=\"https:\/\/independientestereo.com.ar\/home\/wp-content\/uploads\/2024\/07\/WhatsApp-Image-2024-07-03-at-08.32.58-768x1024.jpeg 768w, https:\/\/independientestereo.com.ar\/home\/wp-content\/uploads\/2024\/07\/WhatsApp-Image-2024-07-03-at-08.32.58-225x300.jpeg 225w, https:\/\/independientestereo.com.ar\/home\/wp-content\/uploads\/2024\/07\/WhatsApp-Image-2024-07-03-at-08.32.58.jpeg 960w\" sizes=\"(max-width: 768px) 100vw, 768px\" \/><\/figure>\n\n\n\n<p><\/p>\n\n\n\n<blockquote class=\"wp-block-quote is-layout-flow wp-block-quote-is-layout-flow\">\n<p>La escultura construida por  Aldo Beroisa, escultor neuquino, se inici\u00f3 en junio de 2022 y se emplaza sobre el acceso Fortabat y la ruta 14, en Zapala, Provincia de Neuqu\u00e9n. Es una escultura de unas 160 toneladas de peso y 17 metros de altura, incluido su pedestal. Esta iniciativa fue reconocida por los excombatientes y llev\u00f3 a que Zapala fuera declarada como \u201cCiudad Malvinera\u201d.<\/p>\n<\/blockquote>\n\n\n\n<p>Zapala, situada en el centro de la provincia de Neuqu\u00e9n, fue fundada durante la Campa\u00f1a al Desierto de fines del siglo XIX. Primero fue un campamento y un caser\u00edo. Se toma como fecha de origen de la ciudad el loteo el 12 de julio de 1913. Al a\u00f1o siguiente llega el tren y la localidad empieza a crecer. Como muchas otras localidades de la Patagonia con el paso del ferrocarril.<\/p>\n\n\n\n<p>Aldo Beroisa, el responsable del dise\u00f1o de la obra, estaba exultante de ver los resultados de su labor. El artista le explica que el rostro del soldado lo pens\u00f3 neutro para que en \u00e9l se vieran reflejados cada uno de los veteranos, no solo los hombres sino tambi\u00e9n las mujeres que participaron del conflicto del Atl\u00e1ntico Sur. La rodilla en tierra representa el respeto a la causa Malvinas y a los ca\u00eddos y la bandera, cuyos vivos colores celeste y blanco contrastan con el gris del hormig\u00f3n. El soldado sostiene la ense\u00f1a \u201ccon reverencia y firmeza\u201d en su mano derecha y lo pens\u00f3 como s\u00edmbolo de unidad nacional, de libertad y de los valores fundamentales de nuestro pa\u00eds.<\/p>\n\n\n\n<p>Tomada de: <a href=\"https:\/\/www.infobae.com\/sociedad\/2024\/06\/09\/inauguraron-un-enorme-monumento-que-homenajea-a-los-veteranos-de-malvinas-en-zapala\/\">https:\/\/www.infobae.com\/sociedad\/2024\/06\/09\/inauguraron-un-enorme-monumento-que-homenajea-a-los-veteranos-de-malvinas-en-zapala\/<\/a><\/p>\n","protected":false},"excerpt":{"rendered":"<p>Inaugurado el 9 de junio 2024, con la presencia de integrantes de la Asociaci\u00f3n de Veteranos de Guerra de Malvinas. La escultura pesa 20 toneladas y tiene 17 metros de altura. La obra en cuesti\u00f3n tiene una altura de 17 metros, pedestal incluido. Refleja a un soldado argentino, con una rodilla al pie que sostiene [&hellip;]<\/p>\n","protected":false},"author":2,"featured_media":874,"comment_status":"closed","ping_status":"closed","sticky":false,"template":"","format":"standard","meta":{"sb_editor_width":"","_joinchat":[],"footnotes":""},"categories":[16],"tags":[],"class_list":["post-873","post","type-post","status-publish","format-standard","has-post-thumbnail","hentry","category-independiente"],"relative_dates":{"created":"2 a\u00f1os ago","modified":"2 a\u00f1os ago"},"_links":{"self":[{"href":"https:\/\/independientestereo.com.ar\/home\/wp-json\/wp\/v2\/posts\/873","targetHints":{"allow":["GET"]}}],"collection":[{"href":"https:\/\/independientestereo.com.ar\/home\/wp-json\/wp\/v2\/posts"}],"about":[{"href":"https:\/\/independientestereo.com.ar\/home\/wp-json\/wp\/v2\/types\/post"}],"author":[{"embeddable":true,"href":"https:\/\/independientestereo.com.ar\/home\/wp-json\/wp\/v2\/users\/2"}],"replies":[{"embeddable":true,"href":"https:\/\/independientestereo.com.ar\/home\/wp-json\/wp\/v2\/comments?post=873"}],"version-history":[{"count":3,"href":"https:\/\/independientestereo.com.ar\/home\/wp-json\/wp\/v2\/posts\/873\/revisions"}],"predecessor-version":[{"id":883,"href":"https:\/\/independientestereo.com.ar\/home\/wp-json\/wp\/v2\/posts\/873\/revisions\/883"}],"wp:featuredmedia":[{"embeddable":true,"href":"https:\/\/independientestereo.com.ar\/home\/wp-json\/wp\/v2\/media\/874"}],"wp:attachment":[{"href":"https:\/\/independientestereo.com.ar\/home\/wp-json\/wp\/v2\/media?parent=873"}],"wp:term":[{"taxonomy":"category","embeddable":true,"href":"https:\/\/independientestereo.com.ar\/home\/wp-json\/wp\/v2\/categories?post=873"},{"taxonomy":"post_tag","embeddable":true,"href":"https:\/\/independientestereo.com.ar\/home\/wp-json\/wp\/v2\/tags?post=873"}],"curies":[{"name":"wp","href":"https:\/\/api.w.org\/{rel}","templated":true}]}}