{"id":832,"date":"2024-05-27T22:29:10","date_gmt":"2024-05-27T22:29:10","guid":{"rendered":"https:\/\/independientestereo.com.ar\/home\/?p=832"},"modified":"2026-04-27T20:35:58","modified_gmt":"2026-04-27T20:35:58","slug":"san-martin-de-los-andes-sera-sede-del-festival-fuego-humo-y-sabores","status":"publish","type":"post","link":"https:\/\/independientestereo.com.ar\/home\/san-martin-de-los-andes-sera-sede-del-festival-fuego-humo-y-sabores\/","title":{"rendered":"San Mart\u00edn de los Andes ser\u00e1 sede del Festival \u201cFuego, Humo y Sabores\u201d"},"content":{"rendered":"\n<blockquote class=\"wp-block-quote is-layout-flow wp-block-quote-is-layout-flow\">\n<p>Entre el 21 y 22 de junio se presentar\u00e1n productos gastron\u00f3micos de emprendedores de Neuqu\u00e9n y de Chile.<\/p>\n<\/blockquote>\n\n\n\n<figure class=\"wp-block-image aligncenter size-full\"><img fetchpriority=\"high\" decoding=\"async\" width=\"720\" height=\"700\" src=\"https:\/\/independientestereo.com.ar\/home\/wp-content\/uploads\/2024\/05\/WhatsApp-Image-2024-05-27-at-19.02.07-2.jpeg\" alt=\"\" class=\"wp-image-834\" srcset=\"https:\/\/independientestereo.com.ar\/home\/wp-content\/uploads\/2024\/05\/WhatsApp-Image-2024-05-27-at-19.02.07-2.jpeg 720w, https:\/\/independientestereo.com.ar\/home\/wp-content\/uploads\/2024\/05\/WhatsApp-Image-2024-05-27-at-19.02.07-2-300x292.jpeg 300w\" sizes=\"(max-width: 720px) 100vw, 720px\" \/><\/figure>\n\n\n\n<p>Para dar la bienvenida a la temporada invernal en San Mart\u00edn de los Andes, se desarrollar\u00e1 el festival tur\u00edstico gastron\u00f3mico \u201cFuego, humo y sabores\u201d los d\u00edas&nbsp; viernes 21 y s\u00e1bado 22 de junio, de 16 a 23. En los salones del LOI Suites Chapelco Hotel se distribuir\u00e1n 24 puestos con ahumados de ciervo, trucha, cordero y jabal\u00ed de la zona, embutidos, quesos artesanales elaborados en la regi\u00f3n y carnes especiales de Neuqu\u00e9n. Tambi\u00e9n habr\u00e1 especias, blends de t\u00e9, chocolates, dulces realizados con frutos rojos y alfajores hechos en la ciudad, entre otros. Aunados a estos se expondr\u00e1n vinos neuquinos, cerveza artesanal y gin de la zona; cuchillos, fogoneros y asadores. En el festival tambi\u00e9n participar\u00e1n emprendedores de la Regi\u00f3n de los R\u00edos, de Chile.<\/p>\n\n\n\n<p>Entre las actividades se prev\u00e9n catas guiadas, presentaciones de productos, degustaciones y cocina en vivo. Se espera para ese fin de semana largo de junio la convocatoria de turistas que, junto a los residentes que deseen participar de este festival, podr\u00e1n disfrutar de los mejores productos de la regi\u00f3n y degustar diferentes propuestas de la alta cocina patag\u00f3nica.<\/p>\n\n\n\n<figure class=\"wp-block-image aligncenter size-full\"><img decoding=\"async\" width=\"718\" height=\"785\" src=\"https:\/\/independientestereo.com.ar\/home\/wp-content\/uploads\/2024\/05\/WhatsApp-Image-2024-05-27-at-19.02.07-1.jpeg\" alt=\"\" class=\"wp-image-835\" srcset=\"https:\/\/independientestereo.com.ar\/home\/wp-content\/uploads\/2024\/05\/WhatsApp-Image-2024-05-27-at-19.02.07-1.jpeg 718w, https:\/\/independientestereo.com.ar\/home\/wp-content\/uploads\/2024\/05\/WhatsApp-Image-2024-05-27-at-19.02.07-1-274x300.jpeg 274w\" sizes=\"(max-width: 718px) 100vw, 718px\" \/><\/figure>\n\n\n\n<p><strong>\u201cFuego, Humo y Sabores\u201d<\/strong> es acompa\u00f1ado por el Gobierno de la Provincia de Neuqu\u00e9n, a trav\u00e9s del ministerio de Turismo mediante Neuqu\u00e9nTur; el Gobierno de la Regi\u00f3n de los R\u00edos, as\u00ed como el Consejo Regional, la Corporaci\u00f3n Regional de Desarrollo Productivo y el SERNATUR, Regi\u00f3n de los R\u00edos, Chile.<\/p>\n\n\n\n<figure class=\"wp-block-image aligncenter size-full\"><img decoding=\"async\" width=\"720\" height=\"714\" src=\"https:\/\/independientestereo.com.ar\/home\/wp-content\/uploads\/2024\/05\/WhatsApp-Image-2024-05-27-at-19.02.07.jpeg\" alt=\"\" class=\"wp-image-836\" srcset=\"https:\/\/independientestereo.com.ar\/home\/wp-content\/uploads\/2024\/05\/WhatsApp-Image-2024-05-27-at-19.02.07.jpeg 720w, https:\/\/independientestereo.com.ar\/home\/wp-content\/uploads\/2024\/05\/WhatsApp-Image-2024-05-27-at-19.02.07-300x298.jpeg 300w, https:\/\/independientestereo.com.ar\/home\/wp-content\/uploads\/2024\/05\/WhatsApp-Image-2024-05-27-at-19.02.07-150x150.jpeg 150w\" sizes=\"(max-width: 720px) 100vw, 720px\" \/><\/figure>\n\n\n\n<p>Adem\u00e1s, el evento cuenta con el apoyo de la subsecretar\u00eda de Producci\u00f3n del municipio sanmartinense y son sponsors la Bodega Malma, Wagyu Patagonia Carnes Especiales, Transportes Imaz y Real Estate Patagonia.<\/p>\n\n\n\n<p>Para m\u00e1s informaci\u00f3n del Festival, se puede consultar en: <a href=\"https:\/\/www.instagram.com\/fuegohumoysabores\/\">https:\/\/www.instagram.com\/fuegohumoysabores\/<\/a><\/p>\n\n\n\n<p>Nota tomada de: &nbsp;<a href=\"https:\/\/www.neuqueninforma.gob.ar\/san-martin-de-los-andes-sera-sede-del-festival-fuego-humo-y-sabores\/\">https:\/\/www.neuqueninforma.gob.ar\/san-martin-de-los-andes-sera-sede-del-festival-fuego-humo-y-sabores\/<\/a><\/p>\n","protected":false},"excerpt":{"rendered":"<p>Entre el 21 y 22 de junio se presentar\u00e1n productos gastron\u00f3micos de emprendedores de Neuqu\u00e9n y de Chile. Para dar la bienvenida a la temporada invernal en San Mart\u00edn de los Andes, se desarrollar\u00e1 el festival tur\u00edstico gastron\u00f3mico \u201cFuego, humo y sabores\u201d los d\u00edas&nbsp; viernes 21 y s\u00e1bado 22 de junio, de 16 a 23. [&hellip;]<\/p>\n","protected":false},"author":2,"featured_media":835,"comment_status":"closed","ping_status":"closed","sticky":false,"template":"","format":"standard","meta":{"sb_editor_width":"","_joinchat":[],"footnotes":""},"categories":[16],"tags":[],"class_list":["post-832","post","type-post","status-publish","format-standard","has-post-thumbnail","hentry","category-independiente"],"relative_dates":{"created":"2 a\u00f1os ago","modified":"21 horas ago"},"_links":{"self":[{"href":"https:\/\/independientestereo.com.ar\/home\/wp-json\/wp\/v2\/posts\/832","targetHints":{"allow":["GET"]}}],"collection":[{"href":"https:\/\/independientestereo.com.ar\/home\/wp-json\/wp\/v2\/posts"}],"about":[{"href":"https:\/\/independientestereo.com.ar\/home\/wp-json\/wp\/v2\/types\/post"}],"author":[{"embeddable":true,"href":"https:\/\/independientestereo.com.ar\/home\/wp-json\/wp\/v2\/users\/2"}],"replies":[{"embeddable":true,"href":"https:\/\/independientestereo.com.ar\/home\/wp-json\/wp\/v2\/comments?post=832"}],"version-history":[{"count":1,"href":"https:\/\/independientestereo.com.ar\/home\/wp-json\/wp\/v2\/posts\/832\/revisions"}],"predecessor-version":[{"id":837,"href":"https:\/\/independientestereo.com.ar\/home\/wp-json\/wp\/v2\/posts\/832\/revisions\/837"}],"wp:featuredmedia":[{"embeddable":true,"href":"https:\/\/independientestereo.com.ar\/home\/wp-json\/wp\/v2\/media\/835"}],"wp:attachment":[{"href":"https:\/\/independientestereo.com.ar\/home\/wp-json\/wp\/v2\/media?parent=832"}],"wp:term":[{"taxonomy":"category","embeddable":true,"href":"https:\/\/independientestereo.com.ar\/home\/wp-json\/wp\/v2\/categories?post=832"},{"taxonomy":"post_tag","embeddable":true,"href":"https:\/\/independientestereo.com.ar\/home\/wp-json\/wp\/v2\/tags?post=832"}],"curies":[{"name":"wp","href":"https:\/\/api.w.org\/{rel}","templated":true}]}}