{"id":43,"date":"2024-01-20T18:45:27","date_gmt":"2024-01-20T18:45:27","guid":{"rendered":"http:\/\/demo.hashthemes.com\/total\/?p=43"},"modified":"2024-04-01T22:46:41","modified_gmt":"2024-04-01T22:46:41","slug":"guardaparques-de-villa-la-angostura-rescataron-a-varias-personas-en-diferentes-operativos","status":"publish","type":"post","link":"https:\/\/independientestereo.com.ar\/home\/guardaparques-de-villa-la-angostura-rescataron-a-varias-personas-en-diferentes-operativos\/","title":{"rendered":"Guardaparques de Villa la Angostura rescataron a varias personas en diferentes operativos"},"content":{"rendered":"\n<p><strong>En uno de los despliegues, evacuaron a una mujer que sufri\u00f3 un esguince, cuando recorr\u00eda una senda en la Pen\u00ednsula Quetrihu\u00e9, el viernes 29 de marzo. El s\u00e1bado por la noche, una persona cay\u00f3 por una pendiente, en el sendero al refugio Dormil\u00f3n, y fue evacuada por los guardavidas.<\/strong><\/p>\n\n\n\n<figure class=\"wp-block-image size-full is-style-default\"><img fetchpriority=\"high\" decoding=\"async\" width=\"768\" height=\"579\" src=\"https:\/\/independientestereo.com.ar\/home\/wp-content\/uploads\/2019\/12\/image02.jpg\" alt=\"\" class=\"wp-image-665\" srcset=\"https:\/\/independientestereo.com.ar\/home\/wp-content\/uploads\/2019\/12\/image02.jpg 768w, https:\/\/independientestereo.com.ar\/home\/wp-content\/uploads\/2019\/12\/image02-300x226.jpg 300w\" sizes=\"(max-width: 768px) 100vw, 768px\" \/><\/figure>\n\n\n\n<p><\/p>\n\n\n\n<p>Personal de&nbsp;<strong>Guardaparques<\/strong>, de Parques Nacionales de Villa la Angostura,&nbsp;comenzaron el fin de semana extralargo por los feriados de Semana Santa y el D\u00eda de los Veteranos y Ca\u00eddos en la guerra de Malvinas, con un intenso despliegue de operativos de rescate en diferentes sectores de la monta\u00f1a de Neuqu\u00e9n. El primero de los dispositivos, se realiz\u00f3 en la tarde noche del viernes, 29 de marzo, en la Pen\u00ednsula Quetrihu\u00e9, informaron.<\/p>\n\n\n\n<p>La Unidad Operativa Noroeste de Parques Nacionales,\u00a0inform\u00f3 que en la tarde noche del viernes se produjo la evacuaci\u00f3n de una mujer, de 33 a\u00f1os de edad, que sufri\u00f3 un esguince en una de sus piernas, cuando recorr\u00eda la senda de 12 kil\u00f3metros de la Pen\u00ednsula Quetrihu\u00e9. El personal de\u00a0<strong>Guardaparques<\/strong>, rescat\u00f3 a la mujer, y fue trasladada en una embarcaci\u00f3n hasta Villa la Angostura, donde recibi\u00f3 asistencia m\u00e9dica.<\/p>\n\n\n\n<p><\/p>\n\n\n\n<p>El&nbsp;otro de los&nbsp;<a href=\"https:\/\/www.minutoneuquen.com\/neuquen\/2024\/3\/17\/brigadistas-del-parque-nacional-lanin-hallaron-las-mujeres-perdidas-en-el-cerro-acol-345098.html\">operativos<\/a>&nbsp;de rescate, ocurri\u00f3 en la noche del d\u00eda s\u00e1bado, cuando los&nbsp;<strong>Guardaparques&nbsp;<\/strong>recibieron un llamado de emergencia por siete personas extraviadas en la senda al Refugio Dormil\u00f3n. Uno de los integrantes del grupo, cay\u00f3 por una pendiente y perdi\u00f3 el conocimiento.&nbsp;A pesar de que recibi\u00f3 asistencia por parte de un acompa\u00f1ante, fue necesaria la asistencia de los Guardaparques de Parques Nacionales y el Grupo de B\u00fasqueda y Rescate de Villa la Angostura, quienes coordinaron un operativo de rescate, debido a la dificultad de acceso que presenta la zona.<\/p>\n\n\n\n<p>Seg\u00fan consigna la informaci\u00f3n,&nbsp;lo primero que localizaron los rescatistas, fue a la persona accidentada y su acompa\u00f1ante, \u201cquienes se encontraban lejos de la senda original\u201d, indicaron. Mientras el herido era trasladado al hospital, otro grupo de&nbsp;<a href=\"https:\/\/patagonia.gob.ar\/parques-nacionales\/\">rescatistas<\/a>&nbsp;realiz\u00f3 un recorrido por la zona, en busca del resto del grupo. Luego de una b\u00fasqueda intensa, que demand\u00f3 varias horas en medio de la noche, las cinco personas restantes, fueron localizadas y lograron regresar a su alojamiento.<\/p>\n","protected":false},"excerpt":{"rendered":"<p>En uno de los despliegues, evacuaron a una mujer que sufri\u00f3 un esguince, cuando recorr\u00eda una senda en la Pen\u00ednsula Quetrihu\u00e9, el viernes 29 de marzo. El s\u00e1bado por la noche, una persona cay\u00f3 por una pendiente, en el sendero al refugio Dormil\u00f3n, y fue evacuada por los guardavidas. Personal de&nbsp;Guardaparques, de Parques Nacionales de [&hellip;]<\/p>\n","protected":false},"author":1,"featured_media":665,"comment_status":"closed","ping_status":"closed","sticky":false,"template":"","format":"standard","meta":{"sb_editor_width":"","_joinchat":[],"footnotes":""},"categories":[16,18],"tags":[],"class_list":["post-43","post","type-post","status-publish","format-standard","has-post-thumbnail","hentry","category-independiente","category-musica"],"relative_dates":{"created":"2 a\u00f1os ago","modified":"2 a\u00f1os ago"},"_links":{"self":[{"href":"https:\/\/independientestereo.com.ar\/home\/wp-json\/wp\/v2\/posts\/43","targetHints":{"allow":["GET"]}}],"collection":[{"href":"https:\/\/independientestereo.com.ar\/home\/wp-json\/wp\/v2\/posts"}],"about":[{"href":"https:\/\/independientestereo.com.ar\/home\/wp-json\/wp\/v2\/types\/post"}],"author":[{"embeddable":true,"href":"https:\/\/independientestereo.com.ar\/home\/wp-json\/wp\/v2\/users\/1"}],"replies":[{"embeddable":true,"href":"https:\/\/independientestereo.com.ar\/home\/wp-json\/wp\/v2\/comments?post=43"}],"version-history":[{"count":2,"href":"https:\/\/independientestereo.com.ar\/home\/wp-json\/wp\/v2\/posts\/43\/revisions"}],"predecessor-version":[{"id":668,"href":"https:\/\/independientestereo.com.ar\/home\/wp-json\/wp\/v2\/posts\/43\/revisions\/668"}],"wp:featuredmedia":[{"embeddable":true,"href":"https:\/\/independientestereo.com.ar\/home\/wp-json\/wp\/v2\/media\/665"}],"wp:attachment":[{"href":"https:\/\/independientestereo.com.ar\/home\/wp-json\/wp\/v2\/media?parent=43"}],"wp:term":[{"taxonomy":"category","embeddable":true,"href":"https:\/\/independientestereo.com.ar\/home\/wp-json\/wp\/v2\/categories?post=43"},{"taxonomy":"post_tag","embeddable":true,"href":"https:\/\/independientestereo.com.ar\/home\/wp-json\/wp\/v2\/tags?post=43"}],"curies":[{"name":"wp","href":"https:\/\/api.w.org\/{rel}","templated":true}]}}