{"id":115,"date":"2024-01-24T06:06:51","date_gmt":"2024-01-24T06:06:51","guid":{"rendered":"http:\/\/demo.hashthemes.com\/total\/?p=115"},"modified":"2026-04-27T21:04:27","modified_gmt":"2026-04-27T21:04:27","slug":"legisladores-de-neuquen-avanzan-en-la-ley-para-el-cobro-de-un-canon-a-las-hidroelectricas","status":"publish","type":"post","link":"https:\/\/independientestereo.com.ar\/home\/legisladores-de-neuquen-avanzan-en-la-ley-para-el-cobro-de-un-canon-a-las-hidroelectricas\/","title":{"rendered":"Legisladores de Neuqu\u00e9n avanzan en la ley para el cobro de un canon a las hidroel\u00e9ctricas"},"content":{"rendered":"\n<p><strong>En el marco del tratamiento de la iniciativa, la comisi\u00f3n de Hidrocarburos, Energ\u00eda y Comunicaciones de la legislatura escuch\u00f3 la postura de los ex referentes de la AIC, El\u00edas Sapag y Ricardo Cazeneuve, y recordaron que la provincia cobra c\u00e1nones similares a las petroleras y al riego.<\/strong> <\/p>\n\n\n\n<p>La comisi\u00f3n de Hidrocarburos, Energ\u00eda y Comunicaciones de la legislatura de Neuqu\u00e9n&nbsp;recibi\u00f3 a los ex referentes de la Autoridad Interjurisdiccional de Cuencas (AIC) y especialistas en temas h\u00eddricos, El\u00edas Sapag y Ricardo Cazeneuve, \u201cpara avanzar en el tratamiento de la iniciativa que establece el cobro de un canon a empresas&nbsp;<strong>hidroel\u00e9ctricas&nbsp;<\/strong>por el uso del agua de los r\u00edos Limay y Neuqu\u00e9n\u201d, informaron.<\/p>\n\n\n\n<p>Seg\u00fan interpretaron ambos especialistas, posiblemente el gobierno nacional&nbsp;opte por volver a otorgar a las actuales empresas&nbsp;<strong>hidroel\u00e9ctricas&nbsp;<\/strong>concesionarias,&nbsp;\u201cla operaci\u00f3n y el mantenimiento de las represas ubicadas sobre las dos cuencas\u201d, lo cual significar\u00e1 un perjuicio en contra de la posibilidad de crear una empresa mixta&nbsp;junto al gobierno nacional y la provincia de R\u00edo Negro, se\u00f1al\u00f3 Cazeneuve y remarc\u00f3 que \u201cla decisi\u00f3n no se puede diferir m\u00e1s all\u00e1 del mes de agosto\u201d, dado que es el \u00faltimo mes que el estado nacional puede prorrogar los plazos ya vencidos en cada concesi\u00f3n.<\/p>\n\n\n\n<p>.<\/p>\n\n\n\n<figure class=\"wp-block-image size-large is-style-default\"><img fetchpriority=\"high\" decoding=\"async\" width=\"1024\" height=\"506\" src=\"https:\/\/independientestereo.com.ar\/home\/wp-content\/uploads\/2024\/04\/image05-1024x506.jpg\" alt=\"\" class=\"wp-image-681\" srcset=\"https:\/\/independientestereo.com.ar\/home\/wp-content\/uploads\/2024\/04\/image05-1024x506.jpg 1024w, https:\/\/independientestereo.com.ar\/home\/wp-content\/uploads\/2024\/04\/image05-300x148.jpg 300w, https:\/\/independientestereo.com.ar\/home\/wp-content\/uploads\/2024\/04\/image05-768x380.jpg 768w, https:\/\/independientestereo.com.ar\/home\/wp-content\/uploads\/2024\/04\/image05.jpg 1299w\" sizes=\"(max-width: 1024px) 100vw, 1024px\" \/><\/figure>\n\n\n\n<p><\/p>\n","protected":false},"excerpt":{"rendered":"<p>En el marco del tratamiento de la iniciativa, la comisi\u00f3n de Hidrocarburos, Energ\u00eda y Comunicaciones de la legislatura escuch\u00f3 la postura de los ex referentes de la AIC, El\u00edas Sapag y Ricardo Cazeneuve, y recordaron que la provincia cobra c\u00e1nones similares a las petroleras y al riego. La comisi\u00f3n de Hidrocarburos, Energ\u00eda y Comunicaciones de [&hellip;]<\/p>\n","protected":false},"author":1,"featured_media":681,"comment_status":"closed","ping_status":"closed","sticky":false,"template":"","format":"standard","meta":{"sb_editor_width":"","_joinchat":[],"footnotes":""},"categories":[16],"tags":[],"class_list":["post-115","post","type-post","status-publish","format-standard","has-post-thumbnail","hentry","category-independiente"],"relative_dates":{"created":"2 a\u00f1os ago","modified":"17 horas ago"},"_links":{"self":[{"href":"https:\/\/independientestereo.com.ar\/home\/wp-json\/wp\/v2\/posts\/115","targetHints":{"allow":["GET"]}}],"collection":[{"href":"https:\/\/independientestereo.com.ar\/home\/wp-json\/wp\/v2\/posts"}],"about":[{"href":"https:\/\/independientestereo.com.ar\/home\/wp-json\/wp\/v2\/types\/post"}],"author":[{"embeddable":true,"href":"https:\/\/independientestereo.com.ar\/home\/wp-json\/wp\/v2\/users\/1"}],"replies":[{"embeddable":true,"href":"https:\/\/independientestereo.com.ar\/home\/wp-json\/wp\/v2\/comments?post=115"}],"version-history":[{"count":1,"href":"https:\/\/independientestereo.com.ar\/home\/wp-json\/wp\/v2\/posts\/115\/revisions"}],"predecessor-version":[{"id":682,"href":"https:\/\/independientestereo.com.ar\/home\/wp-json\/wp\/v2\/posts\/115\/revisions\/682"}],"wp:featuredmedia":[{"embeddable":true,"href":"https:\/\/independientestereo.com.ar\/home\/wp-json\/wp\/v2\/media\/681"}],"wp:attachment":[{"href":"https:\/\/independientestereo.com.ar\/home\/wp-json\/wp\/v2\/media?parent=115"}],"wp:term":[{"taxonomy":"category","embeddable":true,"href":"https:\/\/independientestereo.com.ar\/home\/wp-json\/wp\/v2\/categories?post=115"},{"taxonomy":"post_tag","embeddable":true,"href":"https:\/\/independientestereo.com.ar\/home\/wp-json\/wp\/v2\/tags?post=115"}],"curies":[{"name":"wp","href":"https:\/\/api.w.org\/{rel}","templated":true}]}}